{"id":530,"date":"2015-12-13T06:30:46","date_gmt":"2015-12-13T06:30:46","guid":{"rendered":"http:\/\/vanessagemayel.com\/?p=530"},"modified":"2015-12-14T04:32:21","modified_gmt":"2015-12-14T04:32:21","slug":"preface-jean-dominique-jacquemond","status":"publish","type":"post","link":"https:\/\/www.vanessagemayel.com\/index.php\/ecrits\/preface-jean-dominique-jacquemond\/","title":{"rendered":"Pr\u00e9face, Jean-Dominique Jacquemond, Paris 2009"},"content":{"rendered":"<p>J\u2019ai toujours \u00e9t\u00e9 \u00e9mu par la plante poussant dans la fissure d\u2019un mur ou fleurissant dans la faille d\u2019une chauss\u00e9e bitum\u00e9e.<\/p>\n<p>&nbsp;<\/p>\n<p>Vanessa s\u2019\u00e9panouit sur le terreau blanc de la toile, fragile mais tellement vivace, qu\u2019\u00e0 la pens\u00e9e simpliste de na\u00efvet\u00e9, je r\u00e9ponds\u00a0: Po\u00e9tique.<\/p>\n<p>&nbsp;<\/p>\n<p>L\u2019Artiste pose les couleurs rares sur une ville, son Beyrouth, et par son talent camoufle, non, occulte les stigmates de la guerre, les cagoules noires sertissant des yeux aux \u00e9maux rouges de haine.<\/p>\n<p>&nbsp;<\/p>\n<p>Cette jeune femme chemine dans les rues, pav\u00e9 par pav\u00e9, sans voiture ni foule\u00a0: On est pr\u00eats \u00e0 la suivre apais\u00e9s, d\u2019autres aux semelles de vent sentiront que la route noire est une \u00e9charpe, les nuages des corbeaux\u2026<\/p>\n<p>&nbsp;<\/p>\n<p>&nbsp;<\/p>\n<p>&nbsp;<\/p>\n<p>Jean Dominique Jacquemond<\/p>\n<p>Critique d\u2019art<\/p>\n<p>&nbsp;<\/p>\n<p>Paris, Ao\u00fbt 2009<\/p>\n","protected":false},"excerpt":{"rendered":"<p>J\u2019ai toujours \u00e9t\u00e9 \u00e9mu par la plante poussant dans la fissure d\u2019un mur ou fleurissant dans la faille d\u2019une chauss\u00e9e bitum\u00e9e. &nbsp; Vanessa s\u2019\u00e9panouit sur &hellip; <span class=\"read-more-link\"><a class=\"read-more\" href=\"https:\/\/www.vanessagemayel.com\/index.php\/ecrits\/preface-jean-dominique-jacquemond\/\">Read More &rsaquo;<\/a><\/span><\/p>\n","protected":false},"author":2,"featured_media":0,"comment_status":"closed","ping_status":"closed","sticky":false,"template":"","format":"quote","meta":{"_monsterinsights_skip_tracking":false,"_monsterinsights_sitenote_active":false,"_monsterinsights_sitenote_note":"","_monsterinsights_sitenote_category":0,"footnotes":"","jetpack_publicize_message":"","jetpack_publicize_feature_enabled":true,"jetpack_social_post_already_shared":true,"jetpack_social_options":{"image_generator_settings":{"template":"highway","default_image_id":0,"font":"","enabled":false},"version":2}},"categories":[17],"tags":[10],"class_list":["post-530","post","type-post","status-publish","format-quote","hentry","category-ecrits","tag-jai-reve-dune-ville-ou-les-toits-seraient-des-paturages-les-moutons-des-nuages","post_format-post-format-quote"],"jetpack_publicize_connections":[],"_links":{"self":[{"href":"https:\/\/www.vanessagemayel.com\/index.php\/wp-json\/wp\/v2\/posts\/530","targetHints":{"allow":["GET"]}}],"collection":[{"href":"https:\/\/www.vanessagemayel.com\/index.php\/wp-json\/wp\/v2\/posts"}],"about":[{"href":"https:\/\/www.vanessagemayel.com\/index.php\/wp-json\/wp\/v2\/types\/post"}],"author":[{"embeddable":true,"href":"https:\/\/www.vanessagemayel.com\/index.php\/wp-json\/wp\/v2\/users\/2"}],"replies":[{"embeddable":true,"href":"https:\/\/www.vanessagemayel.com\/index.php\/wp-json\/wp\/v2\/comments?post=530"}],"version-history":[{"count":5,"href":"https:\/\/www.vanessagemayel.com\/index.php\/wp-json\/wp\/v2\/posts\/530\/revisions"}],"predecessor-version":[{"id":629,"href":"https:\/\/www.vanessagemayel.com\/index.php\/wp-json\/wp\/v2\/posts\/530\/revisions\/629"}],"wp:attachment":[{"href":"https:\/\/www.vanessagemayel.com\/index.php\/wp-json\/wp\/v2\/media?parent=530"}],"wp:term":[{"taxonomy":"category","embeddable":true,"href":"https:\/\/www.vanessagemayel.com\/index.php\/wp-json\/wp\/v2\/categories?post=530"},{"taxonomy":"post_tag","embeddable":true,"href":"https:\/\/www.vanessagemayel.com\/index.php\/wp-json\/wp\/v2\/tags?post=530"}],"curies":[{"name":"wp","href":"https:\/\/api.w.org\/{rel}","templated":true}]}}